{"id":772,"date":"2016-01-09T11:16:03","date_gmt":"2016-01-09T11:16:03","guid":{"rendered":"http:\/\/sv-eberfing.de\/wordpress\/?p=772"},"modified":"2016-03-02T19:12:56","modified_gmt":"2016-03-02T19:12:56","slug":"jahreshauptversammlung-2016","status":"publish","type":"post","link":"https:\/\/sv-eberfing.de\/wordpress\/blog\/2016\/01\/09\/jahreshauptversammlung-2016\/","title":{"rendered":"Jahreshauptversammlung 2016"},"content":{"rendered":"<p align=\"CENTER\"><span style=\"font-family: Arial, serif;\"><span style=\"font-size: large;\">Der Sportverein Eberfing e. V. l\u00e4dt alle seine Mitglieder zur<\/span><\/span><\/p>\n<p align=\"CENTER\"><span style=\"font-family: Arial, serif;\"><span style=\"font-size: large;\"><strong>Jahreshauptversammlung<\/strong><\/span><\/span><\/p>\n<p align=\"CENTER\"><span style=\"font-family: Arial, serif;\"><span style=\"font-size: large;\"><strong>am Freitag, den 22. Januar 2016 um 20.00 Uhr<\/strong><\/span><\/span><\/p>\n<p align=\"CENTER\"><span style=\"font-family: Arial, serif;\"><span style=\"font-size: large;\">im Sportheim an der Sportplatzstra\u00dfe<\/span><\/span><\/p>\n<p align=\"CENTER\"><span style=\"font-family: Arial, serif;\"><span style=\"font-size: large;\">recht herzlich ein<\/span><\/span><\/p>\n<p style=\"text-align: left;\" align=\"CENTER\"><strong>Tagesordnung:<\/strong><\/p>\n<ol>\n<li style=\"text-align: left;\">Begr\u00fc\u00dfung, Totengedenken, Feststellung der ordnungsgem\u00e4\u00dfen Einberufung und Annahme der Tagesordnung<\/li>\n<li style=\"text-align: left;\">Bericht des Vorstandes, des Schriftf\u00fchrers, der Abteilungsleiter und des Kassenwarts<\/li>\n<li style=\"text-align: left;\">Bericht der Kassenpr\u00fcfer<\/li>\n<li style=\"text-align: left;\">Stellungnahme zu den Berichten<\/li>\n<li style=\"text-align: left;\">Haushalt 2016 und dessen Genehmigung<\/li>\n<li style=\"text-align: left;\">Ehrung verdienter Mitglieder<\/li>\n<li style=\"text-align: left;\">Feststellung der Anwesenden und deren Stimmberechtigung<\/li>\n<li style=\"text-align: left;\">Entlastung der Vorstandsschaft<\/li>\n<li style=\"text-align: left;\">Neuwahlen des Vorstandes und weiterer Vereinsorgane<\/li>\n<li style=\"text-align: left;\">Behandlung und Beschlussfassung \u00fcber die eingegangenen Antr\u00e4ge<\/li>\n<li style=\"text-align: left;\">Sonstiges, W\u00fcnsche und Antr\u00e4ge<\/li>\n<\/ol>\n<p><strong>Antr\u00e4ge zur Tagesordnung sind bis sp\u00e4testens 15. Januar 2016 schriftlich an den 1. Vorstand zu richten.<\/strong><\/p>\n<p>Um zahlreiches Erscheinen wird gebeten.<\/p>\n<p>Mit sportlichen Gr\u00fc\u00dfen<\/p>\n<p>&nbsp;<\/p>\n<p>Die Vorstandsschaft<br \/>\ndes SV Eberfing e.V.<\/p>\n","protected":false},"excerpt":{"rendered":"<p>Der Sportverein Eberfing e. V. l\u00e4dt alle seine Mitglieder zur Jahreshauptversammlung am Freitag, den 22. Januar 2016 um 20.00 Uhr<\/p>\n","protected":false},"author":1,"featured_media":603,"comment_status":"closed","ping_status":"open","sticky":false,"template":"","format":"standard","meta":{"colormag_page_container_layout":"default_layout","colormag_page_sidebar_layout":"default_layout","ngg_post_thumbnail":0,"footnotes":""},"categories":[6],"tags":[],"class_list":["post-772","post","type-post","status-publish","format-standard","has-post-thumbnail","hentry","category-aktuelles"],"publishpress_future_action":{"enabled":false,"date":"2026-05-08 00:26:15","action":"change-status","newStatus":"draft","terms":[],"taxonomy":"category","extraData":[]},"publishpress_future_workflow_manual_trigger":{"enabledWorkflows":[]},"_links":{"self":[{"href":"https:\/\/sv-eberfing.de\/wordpress\/wp-json\/wp\/v2\/posts\/772","targetHints":{"allow":["GET"]}}],"collection":[{"href":"https:\/\/sv-eberfing.de\/wordpress\/wp-json\/wp\/v2\/posts"}],"about":[{"href":"https:\/\/sv-eberfing.de\/wordpress\/wp-json\/wp\/v2\/types\/post"}],"author":[{"embeddable":true,"href":"https:\/\/sv-eberfing.de\/wordpress\/wp-json\/wp\/v2\/users\/1"}],"replies":[{"embeddable":true,"href":"https:\/\/sv-eberfing.de\/wordpress\/wp-json\/wp\/v2\/comments?post=772"}],"version-history":[{"count":4,"href":"https:\/\/sv-eberfing.de\/wordpress\/wp-json\/wp\/v2\/posts\/772\/revisions"}],"predecessor-version":[{"id":776,"href":"https:\/\/sv-eberfing.de\/wordpress\/wp-json\/wp\/v2\/posts\/772\/revisions\/776"}],"wp:featuredmedia":[{"embeddable":true,"href":"https:\/\/sv-eberfing.de\/wordpress\/wp-json\/wp\/v2\/media\/603"}],"wp:attachment":[{"href":"https:\/\/sv-eberfing.de\/wordpress\/wp-json\/wp\/v2\/media?parent=772"}],"wp:term":[{"taxonomy":"category","embeddable":true,"href":"https:\/\/sv-eberfing.de\/wordpress\/wp-json\/wp\/v2\/categories?post=772"},{"taxonomy":"post_tag","embeddable":true,"href":"https:\/\/sv-eberfing.de\/wordpress\/wp-json\/wp\/v2\/tags?post=772"}],"curies":[{"name":"wp","href":"https:\/\/api.w.org\/{rel}","templated":true}]}}