{"id":742,"date":"2015-11-19T22:24:08","date_gmt":"2015-11-19T22:24:08","guid":{"rendered":"http:\/\/sv-eberfing.de\/wordpress\/?p=742"},"modified":"2015-12-03T19:26:25","modified_gmt":"2015-12-03T19:26:25","slug":"hanna-zech-gewinnt-crosslauf-muenchen","status":"publish","type":"post","link":"https:\/\/sv-eberfing.de\/wordpress\/blog\/2015\/11\/19\/hanna-zech-gewinnt-crosslauf-muenchen\/","title":{"rendered":"Hanna Zech gewinnt Crosslauf in M\u00fcnchen"},"content":{"rendered":"<p class=\"p1\"><a href=\"https:\/\/sv-eberfing.de\/wordpress\/wp-content\/uploads\/2015\/11\/hanna-zech-20151120.png\"><img fetchpriority=\"high\" decoding=\"async\" class=\"alignleft size-full wp-image-746\" src=\"https:\/\/sv-eberfing.de\/wordpress\/wp-content\/uploads\/2015\/11\/hanna-zech-20151120.png\" alt=\"hanna-zech-20151120\" width=\"333\" height=\"250\" srcset=\"https:\/\/sv-eberfing.de\/wordpress\/wp-content\/uploads\/2015\/11\/hanna-zech-20151120.png 333w, https:\/\/sv-eberfing.de\/wordpress\/wp-content\/uploads\/2015\/11\/hanna-zech-20151120-300x225.png 300w\" sizes=\"(max-width: 333px) 100vw, 333px\" \/><\/a>Beim Olympia-Alm Crosslauf am Olympiagel\u00e4nde\u00a0in M\u00fcnchen belegte Hanna Zech den hervorragenden 1. Platz bei den M\u00e4dchen \u00fcber 600m.<\/p>\n<p>Der SV Eberfing gratuliert ihr herzlich.<\/p>\n<p><a href=\"https:\/\/sv-eberfing.de\/wordpress\/wp-content\/uploads\/2015\/11\/Urkunde_Hanna.png\"><img decoding=\"async\" class=\"size-full wp-image-750 alignright\" src=\"https:\/\/sv-eberfing.de\/wordpress\/wp-content\/uploads\/2015\/11\/Urkunde_Hanna.png\" alt=\"Urkunde_Hanna\" width=\"177\" height=\"250\" \/><\/a><\/p>\n<p><a href=\"https:\/\/sv-eberfing.de\/wordpress\/wp-content\/uploads\/2015\/11\/Olympia_Alm_Crosslauf_151115.png\"><img decoding=\"async\" class=\"alignleft size-full wp-image-747\" src=\"https:\/\/sv-eberfing.de\/wordpress\/wp-content\/uploads\/2015\/11\/Olympia_Alm_Crosslauf_151115.png\" alt=\"Olympia_Alm_Crosslauf_151115\" width=\"440\" height=\"293\" srcset=\"https:\/\/sv-eberfing.de\/wordpress\/wp-content\/uploads\/2015\/11\/Olympia_Alm_Crosslauf_151115.png 440w, https:\/\/sv-eberfing.de\/wordpress\/wp-content\/uploads\/2015\/11\/Olympia_Alm_Crosslauf_151115-300x200.png 300w\" sizes=\"(max-width: 440px) 100vw, 440px\" \/><\/a><\/p>\n","protected":false},"excerpt":{"rendered":"<p>Beim Olympia-Alm Crosslauf am Olympiagel\u00e4nde\u00a0in M\u00fcnchen belegte Hanna Zech den hervorragenden 1. Platz bei den M\u00e4dchen \u00fcber 600m. Der SV<\/p>\n","protected":false},"author":1,"featured_media":746,"comment_status":"closed","ping_status":"open","sticky":false,"template":"","format":"standard","meta":{"colormag_page_container_layout":"default_layout","colormag_page_sidebar_layout":"default_layout","ngg_post_thumbnail":0,"footnotes":""},"categories":[6],"tags":[],"class_list":["post-742","post","type-post","status-publish","format-standard","has-post-thumbnail","hentry","category-aktuelles"],"publishpress_future_action":{"enabled":false,"date":"2026-05-08 05:24:33","action":"change-status","newStatus":"draft","terms":[],"taxonomy":"category","extraData":[]},"publishpress_future_workflow_manual_trigger":{"enabledWorkflows":[]},"_links":{"self":[{"href":"https:\/\/sv-eberfing.de\/wordpress\/wp-json\/wp\/v2\/posts\/742","targetHints":{"allow":["GET"]}}],"collection":[{"href":"https:\/\/sv-eberfing.de\/wordpress\/wp-json\/wp\/v2\/posts"}],"about":[{"href":"https:\/\/sv-eberfing.de\/wordpress\/wp-json\/wp\/v2\/types\/post"}],"author":[{"embeddable":true,"href":"https:\/\/sv-eberfing.de\/wordpress\/wp-json\/wp\/v2\/users\/1"}],"replies":[{"embeddable":true,"href":"https:\/\/sv-eberfing.de\/wordpress\/wp-json\/wp\/v2\/comments?post=742"}],"version-history":[{"count":6,"href":"https:\/\/sv-eberfing.de\/wordpress\/wp-json\/wp\/v2\/posts\/742\/revisions"}],"predecessor-version":[{"id":753,"href":"https:\/\/sv-eberfing.de\/wordpress\/wp-json\/wp\/v2\/posts\/742\/revisions\/753"}],"wp:featuredmedia":[{"embeddable":true,"href":"https:\/\/sv-eberfing.de\/wordpress\/wp-json\/wp\/v2\/media\/746"}],"wp:attachment":[{"href":"https:\/\/sv-eberfing.de\/wordpress\/wp-json\/wp\/v2\/media?parent=742"}],"wp:term":[{"taxonomy":"category","embeddable":true,"href":"https:\/\/sv-eberfing.de\/wordpress\/wp-json\/wp\/v2\/categories?post=742"},{"taxonomy":"post_tag","embeddable":true,"href":"https:\/\/sv-eberfing.de\/wordpress\/wp-json\/wp\/v2\/tags?post=742"}],"curies":[{"name":"wp","href":"https:\/\/api.w.org\/{rel}","templated":true}]}}