{"id":734,"date":"2015-11-05T06:41:18","date_gmt":"2015-11-05T06:41:18","guid":{"rendered":"http:\/\/sv-eberfing.de\/wordpress\/?p=734"},"modified":"2015-11-12T20:56:14","modified_gmt":"2015-11-12T20:56:14","slug":"abteilungsversammlung-fussball-08-nov-2015","status":"publish","type":"post","link":"https:\/\/sv-eberfing.de\/wordpress\/blog\/2015\/11\/05\/abteilungsversammlung-fussball-08-nov-2015\/","title":{"rendered":"Abteilungsversammlung Fussball am 08 Nov. 2015"},"content":{"rendered":"<p class=\"western\" align=\"center\"><span style=\"color: #333333;\"><span style=\"font-family: Helvetica, sans-serif;\"><span style=\"font-size: x-large;\"><b>Einladung<br \/>\nAbteilungsversammlung Fu\u00dfball<br \/>\nmit Neuwahlen<br \/>\n<\/b><\/span><\/span><\/span><\/p>\n<p class=\"western\" align=\"center\"><span style=\"color: #333333;\"><span style=\"font-family: Helvetica, sans-serif;\"><span style=\"font-size: x-large;\"><u>So. 08.Nov. 19 Uhr<\/u><\/span><\/span><\/span><span style=\"color: #333333;\"><span style=\"font-family: Helvetica, sans-serif;\"><span style=\"font-size: x-large;\"><br \/>\nim Sportheim<\/span><\/span><\/span><\/p>\n<p class=\"western\"><span style=\"color: #333333;\"><span style=\"font-family: Helvetica, sans-serif;\"><span style=\"font-size: medium;\"><b>Tagesordnungspunkte:<\/b><\/span><\/span><\/span><\/p>\n<ol>\n<li>\n<p class=\"western\"><span style=\"color: #333333;\"><span style=\"font-family: Helvetica, sans-serif;\"><span style=\"font-size: medium;\">Begr\u00fc\u00dfung durch Abteilungsleitung<\/span><\/span><\/span><\/p>\n<\/li>\n<li>\n<p class=\"western\"><span style=\"color: #333333;\"><span style=\"font-family: Helvetica, sans-serif;\"><span style=\"font-size: medium;\">Berichte der jeweiligen Mannschaften<\/span><\/span><\/span><\/p>\n<\/li>\n<li>\n<p class=\"western\"><span style=\"color: #333333;\"><span style=\"font-family: Helvetica, sans-serif;\"><span style=\"font-size: medium;\">Stand der Planung Kunstrasenplatz<\/span><\/span><\/span><\/p>\n<\/li>\n<li>\n<p class=\"western\"><span style=\"color: #333333;\"><span style=\"font-family: Helvetica, sans-serif;\"><span style=\"font-size: medium;\">Neuwahlen der Abteilungsleiter und Jugendkoordinatoren<\/span><\/span><\/span><\/p>\n<\/li>\n<li>\n<p class=\"western\"><span style=\"color: #333333;\"><span style=\"font-family: Helvetica, sans-serif;\"><span style=\"font-size: medium;\">Sonstiges, W\u00fcnsche und Antr\u00e4ge<\/span><\/span><\/span><\/p>\n<\/li>\n<\/ol>\n<p>&nbsp;<\/p>\n<p class=\"western\"><span style=\"color: #333333;\"><span style=\"font-family: Helvetica, sans-serif;\"><span style=\"font-size: medium;\">\u00dcber zahlreiches Erscheinen freut sich die Fu\u00dfballabteilung<\/span><\/span><\/span><\/p>\n","protected":false},"excerpt":{"rendered":"<p>Einladung Abteilungsversammlung Fu\u00dfball mit Neuwahlen So. 08.Nov. 19 Uhr im Sportheim Tagesordnungspunkte: Begr\u00fc\u00dfung durch Abteilungsleitung Berichte der jeweiligen Mannschaften Stand<\/p>\n","protected":false},"author":1,"featured_media":603,"comment_status":"closed","ping_status":"open","sticky":false,"template":"","format":"standard","meta":{"colormag_page_container_layout":"default_layout","colormag_page_sidebar_layout":"default_layout","ngg_post_thumbnail":0,"footnotes":""},"categories":[6],"tags":[],"class_list":["post-734","post","type-post","status-publish","format-standard","has-post-thumbnail","hentry","category-aktuelles"],"publishpress_future_action":{"enabled":false,"date":"2026-05-08 09:18:07","action":"change-status","newStatus":"draft","terms":[],"taxonomy":"category","extraData":[]},"publishpress_future_workflow_manual_trigger":{"enabledWorkflows":[]},"_links":{"self":[{"href":"https:\/\/sv-eberfing.de\/wordpress\/wp-json\/wp\/v2\/posts\/734","targetHints":{"allow":["GET"]}}],"collection":[{"href":"https:\/\/sv-eberfing.de\/wordpress\/wp-json\/wp\/v2\/posts"}],"about":[{"href":"https:\/\/sv-eberfing.de\/wordpress\/wp-json\/wp\/v2\/types\/post"}],"author":[{"embeddable":true,"href":"https:\/\/sv-eberfing.de\/wordpress\/wp-json\/wp\/v2\/users\/1"}],"replies":[{"embeddable":true,"href":"https:\/\/sv-eberfing.de\/wordpress\/wp-json\/wp\/v2\/comments?post=734"}],"version-history":[{"count":2,"href":"https:\/\/sv-eberfing.de\/wordpress\/wp-json\/wp\/v2\/posts\/734\/revisions"}],"predecessor-version":[{"id":736,"href":"https:\/\/sv-eberfing.de\/wordpress\/wp-json\/wp\/v2\/posts\/734\/revisions\/736"}],"wp:featuredmedia":[{"embeddable":true,"href":"https:\/\/sv-eberfing.de\/wordpress\/wp-json\/wp\/v2\/media\/603"}],"wp:attachment":[{"href":"https:\/\/sv-eberfing.de\/wordpress\/wp-json\/wp\/v2\/media?parent=734"}],"wp:term":[{"taxonomy":"category","embeddable":true,"href":"https:\/\/sv-eberfing.de\/wordpress\/wp-json\/wp\/v2\/categories?post=734"},{"taxonomy":"post_tag","embeddable":true,"href":"https:\/\/sv-eberfing.de\/wordpress\/wp-json\/wp\/v2\/tags?post=734"}],"curies":[{"name":"wp","href":"https:\/\/api.w.org\/{rel}","templated":true}]}}