{"id":717,"date":"2015-09-29T18:37:04","date_gmt":"2015-09-29T18:37:04","guid":{"rendered":"http:\/\/sv-eberfing.de\/wordpress\/?p=717"},"modified":"2015-10-30T19:16:49","modified_gmt":"2015-10-30T19:16:49","slug":"1-mannschaft-schlaegt-uffing-verdient-mit-21","status":"publish","type":"post","link":"https:\/\/sv-eberfing.de\/wordpress\/blog\/2015\/09\/29\/1-mannschaft-schlaegt-uffing-verdient-mit-21\/","title":{"rendered":"1. Mannschaft: schl\u00e4gt Uffing verdient mit 2:1"},"content":{"rendered":"<p lang=\"de-DE\"><span style=\"font-family: 'Times New Roman', serif;\"><span style=\"font-size: medium;\"><span style=\"color: #000000;\"><span style=\"font-family: Arial, serif;\"><span style=\"font-size: small;\">Als sich beide Seiten schon auf ein Unentschieden eingestellt hatten, schlug Martin Plonner doch<br \/>\nnoch zu. Der Eberfinger Spielertrainer versenkte in der 90. Minute einen Freisto\u00df zum 2:1.<br \/>\n<\/span><\/span><\/span><span style=\"color: #000000;\"><span style=\"font-family: Arial, serif;\"><span style=\"font-size: small;\">In der 1. H\u00e4lfte zielte Plonner nach sch\u00f6nem Zuspiel noch knapp am linken Eck vorbei. Wenig sp\u00e4ter war er erneut beteiligt. Sein feines Zuspiel erreichte Hubert Lindner, der mit einem platzierten Schuss zum 1:0 traf. Danach kam der Gegner aus Uffing besser ins Spiel, traf auch ins Tor, allerdings aus Abseitsposition. Der Ausgleich resultierte dann aus einem Missverst\u00e4ndnis in der Hintermannschaft des SVE. So stand es nach einer halben Stunde 1:1.Gleich nach Wiederbeginn hatte G\u00e4stest\u00fcrmer Martin Fl\u00f6\u00df eine dicke M\u00f6glichkeit, doch wurde er rechtzeitig von Johannes Ammer geblockt. Danach hatte Eberfing die Partie im Griff, was nicht zuletzt an vielen gewonnen Zweik\u00e4mpfen von Anton Bader und Bernhard Spensberger im Mittelfeld lag. So hatte Hubert Lindner gleich dreimal die Chance zur neuerlichen F\u00fchrung, konnte aber keine der Gelegenheiten nutzen. Nach einem Freisto\u00df aus dem Halbfeld hatte dann sogar Uffing noch die M\u00f6glichkeit zum Siegtreffer. Dieser gelang den Eberfingern dann in letzter Minute.<\/span><\/span><\/span><\/span><\/span><\/p>\n","protected":false},"excerpt":{"rendered":"<p>Als sich beide Seiten schon auf ein Unentschieden eingestellt hatten, schlug Martin Plonner doch noch zu. Der Eberfinger Spielertrainer versenkte<\/p>\n","protected":false},"author":1,"featured_media":702,"comment_status":"closed","ping_status":"open","sticky":false,"template":"","format":"standard","meta":{"colormag_page_container_layout":"default_layout","colormag_page_sidebar_layout":"default_layout","ngg_post_thumbnail":0,"footnotes":""},"categories":[6],"tags":[],"class_list":["post-717","post","type-post","status-publish","format-standard","has-post-thumbnail","hentry","category-aktuelles"],"publishpress_future_action":{"enabled":false,"date":"2026-05-08 14:02:42","action":"change-status","newStatus":"draft","terms":[],"taxonomy":"category","extraData":[]},"publishpress_future_workflow_manual_trigger":{"enabledWorkflows":[]},"_links":{"self":[{"href":"https:\/\/sv-eberfing.de\/wordpress\/wp-json\/wp\/v2\/posts\/717","targetHints":{"allow":["GET"]}}],"collection":[{"href":"https:\/\/sv-eberfing.de\/wordpress\/wp-json\/wp\/v2\/posts"}],"about":[{"href":"https:\/\/sv-eberfing.de\/wordpress\/wp-json\/wp\/v2\/types\/post"}],"author":[{"embeddable":true,"href":"https:\/\/sv-eberfing.de\/wordpress\/wp-json\/wp\/v2\/users\/1"}],"replies":[{"embeddable":true,"href":"https:\/\/sv-eberfing.de\/wordpress\/wp-json\/wp\/v2\/comments?post=717"}],"version-history":[{"count":1,"href":"https:\/\/sv-eberfing.de\/wordpress\/wp-json\/wp\/v2\/posts\/717\/revisions"}],"predecessor-version":[{"id":718,"href":"https:\/\/sv-eberfing.de\/wordpress\/wp-json\/wp\/v2\/posts\/717\/revisions\/718"}],"wp:featuredmedia":[{"embeddable":true,"href":"https:\/\/sv-eberfing.de\/wordpress\/wp-json\/wp\/v2\/media\/702"}],"wp:attachment":[{"href":"https:\/\/sv-eberfing.de\/wordpress\/wp-json\/wp\/v2\/media?parent=717"}],"wp:term":[{"taxonomy":"category","embeddable":true,"href":"https:\/\/sv-eberfing.de\/wordpress\/wp-json\/wp\/v2\/categories?post=717"},{"taxonomy":"post_tag","embeddable":true,"href":"https:\/\/sv-eberfing.de\/wordpress\/wp-json\/wp\/v2\/tags?post=717"}],"curies":[{"name":"wp","href":"https:\/\/api.w.org\/{rel}","templated":true}]}}