{"id":712,"date":"2015-09-23T06:28:17","date_gmt":"2015-09-23T06:28:17","guid":{"rendered":"http:\/\/sv-eberfing.de\/wordpress\/?p=712"},"modified":"2015-09-29T18:35:18","modified_gmt":"2015-09-29T18:35:18","slug":"1-mannschaft-verliert-derby-oberhausen","status":"publish","type":"post","link":"https:\/\/sv-eberfing.de\/wordpress\/blog\/2015\/09\/23\/1-mannschaft-verliert-derby-oberhausen\/","title":{"rendered":"1. Mannschaft: Verliert Derby in Oberhausen"},"content":{"rendered":"<p lang=\"de-DE\"><span style=\"font-family: 'Times New Roman', serif;\"><span style=\"font-size: medium;\"><span style=\"color: #2c4663;\"><span style=\"font-family: Arial, serif;\"><span style=\"font-size: small;\">W\u00e4hrend sich die Oberhausener mit diesem Erfolg vorerst im oberen Tabellendrittel etabliert haben, muss die 1.Mannschaft so langsam den Blick wieder nach unten richten.<\/span><\/span><\/span><\/span><\/span><\/p>\n<p lang=\"de-DE\"><span style=\"font-family: 'Times New Roman', serif;\"><span style=\"font-size: medium;\"><span style=\"color: #2c4663;\"><span style=\"font-family: Arial, serif;\"><span style=\"font-size: small;\">Die Partie begann mit einem Paukenschlag: Martin Plonner h\u00e4mmerte einen Freisto\u00df aus \u00fcber 30 Metern an die Latte. Danach aber kam Oberhausen besser ins Spiel. Nach 20 Minuten schlug Bierling dann zum ersten Mal zu. \u201eDa haben wir uns schlecht verhalten\u201c, so Kindermann. Und auch bei Bierlings Treffer zum 2:0 machten die Eberfinger laut ihrem Trainer nicht die beste Figur. \u201eDas Tor entsteht aus einem Einwurf 40 Meter vor unserem Kasten. Das darf so nicht passieren\u201c, monierte Kindermann.<br \/>\nNach der Pause bekam Eberfing die Partie besser in den Griff. Oberhausens Torh\u00fcter Maximilian Hiller bewahrte sein Team nach einem Schuss von Uli Schwarz mit einer Glanzparade vor dem Anschlusstreffer (70.). Der fiel durch Hubert Lindner doch noch \u2013 allerdings zu sp\u00e4t, um diese Partie f\u00fcr Eberfing noch zu drehen (84.)<\/span><\/span><\/span><\/span><\/span><\/p>\n","protected":false},"excerpt":{"rendered":"<p>W\u00e4hrend sich die Oberhausener mit diesem Erfolg vorerst im oberen Tabellendrittel etabliert haben, muss die 1.Mannschaft so langsam den Blick<\/p>\n","protected":false},"author":1,"featured_media":702,"comment_status":"closed","ping_status":"open","sticky":false,"template":"","format":"standard","meta":{"colormag_page_container_layout":"default_layout","colormag_page_sidebar_layout":"default_layout","ngg_post_thumbnail":0,"footnotes":""},"categories":[6],"tags":[],"class_list":["post-712","post","type-post","status-publish","format-standard","has-post-thumbnail","hentry","category-aktuelles"],"publishpress_future_action":{"enabled":false,"date":"2026-05-08 17:39:34","action":"change-status","newStatus":"draft","terms":[],"taxonomy":"category","extraData":[]},"publishpress_future_workflow_manual_trigger":{"enabledWorkflows":[]},"_links":{"self":[{"href":"https:\/\/sv-eberfing.de\/wordpress\/wp-json\/wp\/v2\/posts\/712","targetHints":{"allow":["GET"]}}],"collection":[{"href":"https:\/\/sv-eberfing.de\/wordpress\/wp-json\/wp\/v2\/posts"}],"about":[{"href":"https:\/\/sv-eberfing.de\/wordpress\/wp-json\/wp\/v2\/types\/post"}],"author":[{"embeddable":true,"href":"https:\/\/sv-eberfing.de\/wordpress\/wp-json\/wp\/v2\/users\/1"}],"replies":[{"embeddable":true,"href":"https:\/\/sv-eberfing.de\/wordpress\/wp-json\/wp\/v2\/comments?post=712"}],"version-history":[{"count":1,"href":"https:\/\/sv-eberfing.de\/wordpress\/wp-json\/wp\/v2\/posts\/712\/revisions"}],"predecessor-version":[{"id":713,"href":"https:\/\/sv-eberfing.de\/wordpress\/wp-json\/wp\/v2\/posts\/712\/revisions\/713"}],"wp:featuredmedia":[{"embeddable":true,"href":"https:\/\/sv-eberfing.de\/wordpress\/wp-json\/wp\/v2\/media\/702"}],"wp:attachment":[{"href":"https:\/\/sv-eberfing.de\/wordpress\/wp-json\/wp\/v2\/media?parent=712"}],"wp:term":[{"taxonomy":"category","embeddable":true,"href":"https:\/\/sv-eberfing.de\/wordpress\/wp-json\/wp\/v2\/categories?post=712"},{"taxonomy":"post_tag","embeddable":true,"href":"https:\/\/sv-eberfing.de\/wordpress\/wp-json\/wp\/v2\/tags?post=712"}],"curies":[{"name":"wp","href":"https:\/\/api.w.org\/{rel}","templated":true}]}}