{"id":689,"date":"2015-09-08T17:17:03","date_gmt":"2015-09-08T17:17:03","guid":{"rendered":"http:\/\/sv-eberfing.de\/wordpress\/?p=689"},"modified":"2015-09-14T17:35:36","modified_gmt":"2015-09-14T17:35:36","slug":"8-eberfinger-fussball-camp-2015","status":"publish","type":"post","link":"https:\/\/sv-eberfing.de\/wordpress\/blog\/2015\/09\/08\/8-eberfinger-fussball-camp-2015\/","title":{"rendered":"8. Eberfinger Fu\u00dfball Camp 2015"},"content":{"rendered":"<p align=\"center\"><span style=\"font-size: xx-large;\"><span lang=\"de-DE\"><u><b><a href=\"https:\/\/sv-eberfing.de\/wordpress\/wp-content\/uploads\/2015\/09\/fussball-maenchen.gif\"><img decoding=\"async\" class=\"alignleft  wp-image-694\" src=\"https:\/\/sv-eberfing.de\/wordpress\/wp-content\/uploads\/2015\/09\/fussball-maenchen.gif\" alt=\"fussball-maenchen\" width=\"133\" height=\"146\" \/><\/a><\/b><\/u><\/span><\/span><\/p>\n<p align=\"center\"><img decoding=\"async\" class=\"  wp-image-603 alignright\" src=\"https:\/\/sv-eberfing.de\/wordpress\/wp-content\/uploads\/2014\/11\/Vereinswappen-259x250.png\" alt=\"Vereinswappen-259x250\" width=\"177\" height=\"171\" \/><\/p>\n<p align=\"center\"><span style=\"font-size: xx-large;\"><span lang=\"de-DE\"><u><b>Fu\u00dfball Nachwuchstage 2015<br \/>\n<\/b><\/u><\/span><\/span><span style=\"font-size: xx-large;\"><span lang=\"de-DE\"><b><br \/>\n<\/b><\/span><\/span><span style=\"font-size: xx-large;\"><span lang=\"de-DE\"><b>Sa. 12.09. &#8211; So. 13.09.<\/b><\/span><\/span><\/p>\n<p align=\"center\"><span style=\"font-size: xx-large;\"><span lang=\"de-DE\"><b><br \/>\n<\/b><\/span><\/span><span style=\"color: #0b69f3;\"><span style=\"font-size: large;\"><span lang=\"de-DE\"><b><br \/>\nHerzlich eingeladen sind alle Kinder die gerne Fu\u00dfball spielen,<br \/>\noder ausprobieren m\u00f6chten ob sie Spa\u00df am Fu\u00dfball haben!<br \/>\nEine Mitgliedschaft beim Sportverein ist nicht erforderlich!<\/b><\/span><\/span><\/span><\/p>\n<p><span style=\"font-size: large;\"><span lang=\"de-DE\"><u><b><br \/>\nSamstag<\/b><\/u><\/span><\/span><\/p>\n<p><a name=\"_GoBack\"><\/a> <span style=\"font-size: large;\"><span lang=\"de-DE\"><b>9.30 Uhr Treffpunkt am Sportplatz + evtl. <\/b><\/span><\/span><span style=\"font-size: large;\"><span lang=\"de-DE\"><u><b>Anmeldung<\/b><\/u><\/span><\/span><span style=\"font-size: large;\"><span lang=\"de-DE\"><b><br \/>\n10.00 Uhr Trainingseinheit<br \/>\n10.00 Uhr Punktspiel der E-Jgd. auf dem Hauptplatz<br \/>\n11.45 Uhr Mittagspause (f\u00fcr Verpflegung ist gesorgt)<br \/>\n13.30 Uhr Trainingseinheit<br \/>\n13.30 Uhr Punktspiel der C-Jgd. auf dem Hauptplatz<br \/>\n<\/b><\/span><\/span><span style=\"font-size: large;\"><span lang=\"de-DE\"><u><b><br \/>\nSonntag<\/b><\/u><\/span><\/span><\/p>\n<p><span style=\"font-size: large;\"><span lang=\"de-DE\"><b>9.45 Uhr Treffpunkt am Sportplatz<br \/>\n10.00 Uhr Trainingseinheit<br \/>\n11.30 Uhr Abschluss der Fu\u00dfballtage<\/b><\/span><\/span><\/p>\n<p align=\"center\"><span style=\"color: #0b69f3;\"><span style=\"font-size: large;\"><span lang=\"de-DE\"><b><br \/>\nDie Unkosten pro Kind betragen 20,- (inkl. Trikot, Hose und Getr\u00e4nke)<\/b><\/span><\/span><\/span><span style=\"font-size: large;\"><span lang=\"de-DE\"><b><br \/>\n<\/b><\/span><\/span><span style=\"color: #ff0000;\"><span style=\"font-size: large;\"><span lang=\"de-DE\"><u><b>Anmelden kann man sich noch am Sa. 12.09. vor Beginn!<\/b><\/u><\/span><\/span><\/span><\/p>\n<p align=\"center\"><a href=\"https:\/\/sv-eberfing.de\/wordpress\/wp-content\/uploads\/2015\/09\/fussball.jpg\"><img fetchpriority=\"high\" decoding=\"async\" class=\"alignleft size-full wp-image-690\" src=\"https:\/\/sv-eberfing.de\/wordpress\/wp-content\/uploads\/2015\/09\/fussball.jpg\" alt=\"fussball\" width=\"1007\" height=\"586\" \/><\/a><\/p>\n","protected":false},"excerpt":{"rendered":"<p>Fu\u00dfball Nachwuchstage 2015 Sa. 12.09. &#8211; So. 13.09. Herzlich eingeladen sind alle Kinder die gerne Fu\u00dfball spielen, oder ausprobieren m\u00f6chten<\/p>\n","protected":false},"author":1,"featured_media":0,"comment_status":"closed","ping_status":"open","sticky":false,"template":"","format":"standard","meta":{"colormag_page_container_layout":"default_layout","colormag_page_sidebar_layout":"default_layout","ngg_post_thumbnail":0,"footnotes":""},"categories":[6],"tags":[],"class_list":["post-689","post","type-post","status-publish","format-standard","hentry","category-aktuelles"],"publishpress_future_action":{"enabled":false,"date":"2026-05-08 23:41:28","action":"change-status","newStatus":"draft","terms":[],"taxonomy":"category","extraData":[]},"publishpress_future_workflow_manual_trigger":{"enabledWorkflows":[]},"_links":{"self":[{"href":"https:\/\/sv-eberfing.de\/wordpress\/wp-json\/wp\/v2\/posts\/689","targetHints":{"allow":["GET"]}}],"collection":[{"href":"https:\/\/sv-eberfing.de\/wordpress\/wp-json\/wp\/v2\/posts"}],"about":[{"href":"https:\/\/sv-eberfing.de\/wordpress\/wp-json\/wp\/v2\/types\/post"}],"author":[{"embeddable":true,"href":"https:\/\/sv-eberfing.de\/wordpress\/wp-json\/wp\/v2\/users\/1"}],"replies":[{"embeddable":true,"href":"https:\/\/sv-eberfing.de\/wordpress\/wp-json\/wp\/v2\/comments?post=689"}],"version-history":[{"count":7,"href":"https:\/\/sv-eberfing.de\/wordpress\/wp-json\/wp\/v2\/posts\/689\/revisions"}],"predecessor-version":[{"id":698,"href":"https:\/\/sv-eberfing.de\/wordpress\/wp-json\/wp\/v2\/posts\/689\/revisions\/698"}],"wp:attachment":[{"href":"https:\/\/sv-eberfing.de\/wordpress\/wp-json\/wp\/v2\/media?parent=689"}],"wp:term":[{"taxonomy":"category","embeddable":true,"href":"https:\/\/sv-eberfing.de\/wordpress\/wp-json\/wp\/v2\/categories?post=689"},{"taxonomy":"post_tag","embeddable":true,"href":"https:\/\/sv-eberfing.de\/wordpress\/wp-json\/wp\/v2\/tags?post=689"}],"curies":[{"name":"wp","href":"https:\/\/api.w.org\/{rel}","templated":true}]}}