{"id":454,"date":"2013-09-07T15:46:13","date_gmt":"2013-09-07T15:46:13","guid":{"rendered":"http:\/\/sv-eberfing.de\/wordpress\/?p=454"},"modified":"2013-09-07T15:46:13","modified_gmt":"2013-09-07T15:46:13","slug":"morgen-ist-der-letzte-tag-vom-6-eberfinger-fusball-camp-2013","status":"publish","type":"post","link":"https:\/\/sv-eberfing.de\/wordpress\/blog\/2013\/09\/07\/morgen-ist-der-letzte-tag-vom-6-eberfinger-fusball-camp-2013\/","title":{"rendered":"Morgen ist der letzte Tag vom 6. Eberfinger Fu\u00dfball Camp 2013"},"content":{"rendered":"<p><strong>Hallo Sportsfreunde,<\/strong><\/p>\n<p>morgen ist schon wieder der letzte Tag vom 6. Eberfinger Fu\u00dfball Camp 2013!!!<\/p>\n<p>Morgen Vormittag geht es dann noch einmal kr\u00e4ftig zur Sache, anschlie\u00dfend wird gegrillt und eine Tanzeinlage von unseren &#8222;Kids Dance&#8220;-Gruppe vorgef\u00fchrt.<\/p>\n<p>&nbsp;<\/p>\n","protected":false},"excerpt":{"rendered":"<p>Hallo Sportsfreunde, morgen ist schon wieder der letzte Tag vom 6. Eberfinger Fu\u00dfball Camp 2013!!! Morgen Vormittag geht es dann<\/p>\n","protected":false},"author":1,"featured_media":0,"comment_status":"closed","ping_status":"open","sticky":false,"template":"","format":"standard","meta":{"colormag_page_container_layout":"default_layout","colormag_page_sidebar_layout":"default_layout","ngg_post_thumbnail":0,"footnotes":""},"categories":[6],"tags":[],"class_list":["post-454","post","type-post","status-publish","format-standard","hentry","category-aktuelles"],"publishpress_future_action":{"enabled":false,"date":"2026-05-10 08:22:18","action":"change-status","newStatus":"draft","terms":[],"taxonomy":"category","extraData":[]},"publishpress_future_workflow_manual_trigger":{"enabledWorkflows":[]},"_links":{"self":[{"href":"https:\/\/sv-eberfing.de\/wordpress\/wp-json\/wp\/v2\/posts\/454","targetHints":{"allow":["GET"]}}],"collection":[{"href":"https:\/\/sv-eberfing.de\/wordpress\/wp-json\/wp\/v2\/posts"}],"about":[{"href":"https:\/\/sv-eberfing.de\/wordpress\/wp-json\/wp\/v2\/types\/post"}],"author":[{"embeddable":true,"href":"https:\/\/sv-eberfing.de\/wordpress\/wp-json\/wp\/v2\/users\/1"}],"replies":[{"embeddable":true,"href":"https:\/\/sv-eberfing.de\/wordpress\/wp-json\/wp\/v2\/comments?post=454"}],"version-history":[{"count":2,"href":"https:\/\/sv-eberfing.de\/wordpress\/wp-json\/wp\/v2\/posts\/454\/revisions"}],"predecessor-version":[{"id":456,"href":"https:\/\/sv-eberfing.de\/wordpress\/wp-json\/wp\/v2\/posts\/454\/revisions\/456"}],"wp:attachment":[{"href":"https:\/\/sv-eberfing.de\/wordpress\/wp-json\/wp\/v2\/media?parent=454"}],"wp:term":[{"taxonomy":"category","embeddable":true,"href":"https:\/\/sv-eberfing.de\/wordpress\/wp-json\/wp\/v2\/categories?post=454"},{"taxonomy":"post_tag","embeddable":true,"href":"https:\/\/sv-eberfing.de\/wordpress\/wp-json\/wp\/v2\/tags?post=454"}],"curies":[{"name":"wp","href":"https:\/\/api.w.org\/{rel}","templated":true}]}}