{"id":44,"date":"2012-12-25T21:16:01","date_gmt":"2012-12-25T19:16:01","guid":{"rendered":"http:\/\/sv-eberfing.de\/wordpress\/kd\/?p=44"},"modified":"2013-07-25T16:54:10","modified_gmt":"2013-07-25T14:54:10","slug":"informationen-2","status":"publish","type":"post","link":"https:\/\/sv-eberfing.de\/wordpress\/kd\/2012\/12\/25\/informationen-2\/","title":{"rendered":"Sch\u00fctzenzug 27.07.2013"},"content":{"rendered":"<p>Treffpunkt f\u00fcr alle Mitl\u00e4ufer ist am Samstag den 27.07.2013 um 17:30 Uhr am Dorfplatz. Von dort aus gehen wir gemeinsam zur Schleipferhalle\u00a0wo\u00a0der Umzug um 18:00 Uhr zur Kirche startet. Welche um 18:30 beginnt. Tracht ist Pflicht!! \u00a0\ud83d\ude09<\/p>\n<p>LG Anna und Viky<\/p>\n","protected":false},"excerpt":{"rendered":"<p>Treffpunkt f\u00fcr alle Mitl\u00e4ufer ist am Samstag den 27.07.2013 um 17:30 Uhr am Dorfplatz. Von dort aus gehen wir gemeinsam<\/p>\n","protected":false},"author":13,"featured_media":0,"comment_status":"closed","ping_status":"closed","sticky":false,"template":"","format":"standard","meta":{"colormag_page_container_layout":"default_layout","colormag_page_sidebar_layout":"default_layout","ngg_post_thumbnail":0,"footnotes":""},"categories":[6],"tags":[],"class_list":["post-44","post","type-post","status-publish","format-standard","hentry","category-aktuelles"],"publishpress_future_action":{"enabled":false,"date":"2026-05-06 19:05:09","action":"change-status","newStatus":"draft","terms":[],"taxonomy":"category","extraData":[]},"publishpress_future_workflow_manual_trigger":{"enabledWorkflows":[]},"_links":{"self":[{"href":"https:\/\/sv-eberfing.de\/wordpress\/kd\/wp-json\/wp\/v2\/posts\/44","targetHints":{"allow":["GET"]}}],"collection":[{"href":"https:\/\/sv-eberfing.de\/wordpress\/kd\/wp-json\/wp\/v2\/posts"}],"about":[{"href":"https:\/\/sv-eberfing.de\/wordpress\/kd\/wp-json\/wp\/v2\/types\/post"}],"author":[{"embeddable":true,"href":"https:\/\/sv-eberfing.de\/wordpress\/kd\/wp-json\/wp\/v2\/users\/13"}],"replies":[{"embeddable":true,"href":"https:\/\/sv-eberfing.de\/wordpress\/kd\/wp-json\/wp\/v2\/comments?post=44"}],"version-history":[{"count":8,"href":"https:\/\/sv-eberfing.de\/wordpress\/kd\/wp-json\/wp\/v2\/posts\/44\/revisions"}],"predecessor-version":[{"id":104,"href":"https:\/\/sv-eberfing.de\/wordpress\/kd\/wp-json\/wp\/v2\/posts\/44\/revisions\/104"}],"wp:attachment":[{"href":"https:\/\/sv-eberfing.de\/wordpress\/kd\/wp-json\/wp\/v2\/media?parent=44"}],"wp:term":[{"taxonomy":"category","embeddable":true,"href":"https:\/\/sv-eberfing.de\/wordpress\/kd\/wp-json\/wp\/v2\/categories?post=44"},{"taxonomy":"post_tag","embeddable":true,"href":"https:\/\/sv-eberfing.de\/wordpress\/kd\/wp-json\/wp\/v2\/tags?post=44"}],"curies":[{"name":"wp","href":"https:\/\/api.w.org\/{rel}","templated":true}]}}